{"id":101502,"date":"2020-07-29T13:23:46","date_gmt":"2020-07-29T18:23:46","guid":{"rendered":"https:\/\/santa-priscila.com\/Quito\/?p=101502"},"modified":"2020-07-29T13:23:47","modified_gmt":"2020-07-29T18:23:47","slug":"programa-de-ayuda-mi-casa-mi-vida","status":"publish","type":"post","link":"https:\/\/santa-priscila.com\/Quito\/programa-de-ayuda-mi-casa-mi-vida\/","title":{"rendered":"Programa de ayuda \u201cMi casa, Mi vida\u201d"},"content":{"rendered":"\n<h2>Industrial Pesquera Santa Priscila, se une a la alianza \u201cMi casa, Mi vida\u201d de Mutualista Pichincha y Campana Organization<\/h2>\n\n\n\n<figure class=\"wp-block-image size-large\"><img loading=\"lazy\" width=\"1024\" height=\"768\" src=\"https:\/\/santa-priscila.com\/Quito\/wp-content\/uploads\/2020\/07\/santa-priscila-casa002-1024x768.jpg\" alt=\"Santa Priscila - Programa de ayuda \u201cMi casa, Mi vida\u201d\" class=\"wp-image-101507\" srcset=\"https:\/\/santa-priscila.com\/Quito\/wp-content\/uploads\/2020\/07\/santa-priscila-casa002-1024x768.jpg 1024w, https:\/\/santa-priscila.com\/Quito\/wp-content\/uploads\/2020\/07\/santa-priscila-casa002-300x225.jpg 300w, https:\/\/santa-priscila.com\/Quito\/wp-content\/uploads\/2020\/07\/santa-priscila-casa002-768x576.jpg 768w, https:\/\/santa-priscila.com\/Quito\/wp-content\/uploads\/2020\/07\/santa-priscila-casa002-84x63.jpg 84w, https:\/\/santa-priscila.com\/Quito\/wp-content\/uploads\/2020\/07\/santa-priscila-casa002-200x150.jpg 200w, https:\/\/santa-priscila.com\/Quito\/wp-content\/uploads\/2020\/07\/santa-priscila-casa002-450x338.jpg 450w, https:\/\/santa-priscila.com\/Quito\/wp-content\/uploads\/2020\/07\/santa-priscila-casa002-1053x790.jpg 1053w, https:\/\/santa-priscila.com\/Quito\/wp-content\/uploads\/2020\/07\/santa-priscila-casa002-360x270.jpg 360w, https:\/\/santa-priscila.com\/Quito\/wp-content\/uploads\/2020\/07\/santa-priscila-casa002-800x600.jpg 800w, https:\/\/santa-priscila.com\/Quito\/wp-content\/uploads\/2020\/07\/santa-priscila-casa002.jpg 1280w\" sizes=\"(max-width: 1024px) 100vw, 1024px\" \/><\/figure>\n\n\n\n<p>Industrial Pesquera Santa Priscila, se une a la alianza \u201cMi casa, Mi vida\u201d de <a href=\"https:\/\/www.mutualistapichincha.com\/\" target=\"_blank\" aria-label=\"undefined (abre en una nueva pesta\u00f1a)\" rel=\"noreferrer noopener\">Mutualista Pichincha<\/a> y Campana Organization; empresas con amplia trayectoria en el sector inmobiliario quien junto a Ecuaviviendas est\u00e1n desarrollando proyectos de vivienda social. Este programa tiene como objetivo brindar la oportunidad y otorgar facilidades para obtener tu casa propia, mejorando as\u00ed la calidad de vida de las familias ecuatorianas.\u00a0\u00a0<\/p>\n\n\n\n<div class=\"wp-block-columns\">\n<div class=\"wp-block-column\" style=\"flex-basis:33.33%\">\n<figure class=\"wp-block-image size-large\"><img loading=\"lazy\" width=\"576\" height=\"1024\" src=\"https:\/\/santa-priscila.com\/Quito\/wp-content\/uploads\/2020\/07\/santa-priscila-casa003-576x1024.jpg\" alt=\"Santa Priscila - Programa de ayuda \u201cMi casa, Mi vida\u201d\" class=\"wp-image-101505\" srcset=\"https:\/\/santa-priscila.com\/Quito\/wp-content\/uploads\/2020\/07\/santa-priscila-casa003-576x1024.jpg 576w, https:\/\/santa-priscila.com\/Quito\/wp-content\/uploads\/2020\/07\/santa-priscila-casa003-169x300.jpg 169w, https:\/\/santa-priscila.com\/Quito\/wp-content\/uploads\/2020\/07\/santa-priscila-casa003-84x149.jpg 84w, https:\/\/santa-priscila.com\/Quito\/wp-content\/uploads\/2020\/07\/santa-priscila-casa003-200x356.jpg 200w, https:\/\/santa-priscila.com\/Quito\/wp-content\/uploads\/2020\/07\/santa-priscila-casa003-450x800.jpg 450w, https:\/\/santa-priscila.com\/Quito\/wp-content\/uploads\/2020\/07\/santa-priscila-casa003-444x790.jpg 444w, https:\/\/santa-priscila.com\/Quito\/wp-content\/uploads\/2020\/07\/santa-priscila-casa003-360x640.jpg 360w, https:\/\/santa-priscila.com\/Quito\/wp-content\/uploads\/2020\/07\/santa-priscila-casa003.jpg 720w\" sizes=\"(max-width: 576px) 100vw, 576px\" \/><\/figure>\n\n\n\n<p><\/p>\n<\/div>\n\n\n\n<div class=\"wp-block-column\" style=\"flex-basis:66.66%\">\n<h3>Trabajadores de Industrial Pesquera Santa Priscila<\/h3>\n\n\n\n<p>Alex Arcos y Luzmila Lata, trabajadores de Industrial Pesquera Santa Priscila; han sido los primeros en aplicar a este proyecto. Su solicitud, fue aprobada, y ahora ellos pueden cumplir su sue\u00f1o de tener su vivienda propia con acabados de primera.<\/p>\n\n\n\n<p>Arcos y Lata vivir\u00e1n en la 5ta etapa de la urbanizaci\u00f3n \u201cSantiago City\u201d ubicada en el km 19.5 v\u00eda a Daule, esta urbanizaci\u00f3n cuenta con \u00e1rea social, piscina, canchas deportivas y seguridad las 24 horas del d\u00eda, los siete d\u00edas de la semana.<\/p>\n\n\n\n<p>Industrial Pesquera Santa Priscila, est\u00e1 constantemente buscando como brindar oportunidades de crecimiento a sus trabajadores no solo en el <a href=\"https:\/\/santa-priscila.com\/Quito\/contacto\/\">\u00e1rea laboral<\/a>; sino tambi\u00e9n siendo parte de los programas que ayudan a que sus trabajadores cumplan sus sue\u00f1os de tener su vivienda propia.<\/p>\n<\/div>\n<\/div>\n","protected":false},"excerpt":{"rendered":"<p>ASC cofundada por Fondo Mundial para la Naturaleza (WWF) otorga un certificado a Santa Priscila por buenas pr\u00e1cticas ambientales de cuidado al ecosistema.<\/p>\n","protected":false},"author":2,"featured_media":101506,"comment_status":"closed","ping_status":"open","sticky":false,"template":"","format":"standard","meta":[],"categories":[177],"tags":[193],"_links":{"self":[{"href":"https:\/\/santa-priscila.com\/Quito\/wp-json\/wp\/v2\/posts\/101502"}],"collection":[{"href":"https:\/\/santa-priscila.com\/Quito\/wp-json\/wp\/v2\/posts"}],"about":[{"href":"https:\/\/santa-priscila.com\/Quito\/wp-json\/wp\/v2\/types\/post"}],"author":[{"embeddable":true,"href":"https:\/\/santa-priscila.com\/Quito\/wp-json\/wp\/v2\/users\/2"}],"replies":[{"embeddable":true,"href":"https:\/\/santa-priscila.com\/Quito\/wp-json\/wp\/v2\/comments?post=101502"}],"version-history":[{"count":2,"href":"https:\/\/santa-priscila.com\/Quito\/wp-json\/wp\/v2\/posts\/101502\/revisions"}],"predecessor-version":[{"id":101652,"href":"https:\/\/santa-priscila.com\/Quito\/wp-json\/wp\/v2\/posts\/101502\/revisions\/101652"}],"wp:featuredmedia":[{"embeddable":true,"href":"https:\/\/santa-priscila.com\/Quito\/wp-json\/wp\/v2\/media\/101506"}],"wp:attachment":[{"href":"https:\/\/santa-priscila.com\/Quito\/wp-json\/wp\/v2\/media?parent=101502"}],"wp:term":[{"taxonomy":"category","embeddable":true,"href":"https:\/\/santa-priscila.com\/Quito\/wp-json\/wp\/v2\/categories?post=101502"},{"taxonomy":"post_tag","embeddable":true,"href":"https:\/\/santa-priscila.com\/Quito\/wp-json\/wp\/v2\/tags?post=101502"}],"curies":[{"name":"wp","href":"https:\/\/api.w.org\/{rel}","templated":true}]}}